{"id":635,"date":"2017-07-04T21:44:23","date_gmt":"2017-07-04T19:44:23","guid":{"rendered":"http:\/\/omongategj.cluster026.hosting.ovh.net\/omg\/?p=635"},"modified":"2022-08-29T14:43:09","modified_gmt":"2022-08-29T12:43:09","slug":"tarte-a-la-framboise","status":"publish","type":"post","link":"https:\/\/www.omongateau.fr\/index.php\/2017\/07\/04\/tarte-a-la-framboise\/","title":{"rendered":"Tarte \u00e0 la framboise"},"content":{"rendered":"<p class=\"font_8\">Quel bonheur de vous retrouver !<\/p>\n<p class=\"font_8\">Pour des raisons professionnelles j&rsquo;ai du m&rsquo;absenter. Je n&rsquo;ai donc pas pu p\u00e2tisser pendant plus d&rsquo;un mois&#8230; A peine rentr\u00e9, je me suis jet\u00e9 sur mon plan de travail pour me rouler dans la farine ! J&rsquo;ai profit\u00e9\u00a0du dernier num\u00e9ro de \u00ab\u00a0Fou de P\u00e2tisserie\u00a0\u00bb pour r\u00e9aliser la tarte \u00e0 la framboise de la paire parisienne incontournable\u00a0\u00a0du moment : Beno\u00eet Couvrand et Cyril Lignac.<\/p>\n<p class=\"font_8\">C&rsquo;est la saison des framboises, c&rsquo;est frais, et ce n&rsquo;est pas tr\u00e8s compliqu\u00e9 ! Que demander\u00a0de mieux ?<\/p>\n<p class=\"font_8\">Cette belle\u00a0tarte, reconnaissable gr\u00e2ce \u00e0 son trou central,\u00a0est compos\u00e9e d&rsquo;une p\u00e2te sucr\u00e9e, d&rsquo;une cr\u00e8me d&rsquo;amande au rhum, d&rsquo;une chantilly mascarpone \u00e0 la framboise et bien s\u00fbr de belles framboises fra\u00eeches garnies d&rsquo;une compot\u00e9e de framboise. Cette disposition de framboise fourr\u00e9e est la signature du chef Lignac&#8230;<\/p>\n<p class=\"font_8\">C&rsquo;est tr\u00e8s frais, un go\u00fbt peu sucr\u00e9, \u00e7a sent l&rsquo;\u00e9t\u00e9&#8230; bref, \u00e7a se mange tout seul !<\/p>\n<div class=\" gallery wolf-images-gallery clearfix simple-gallery hover-default padding gallery-2-columns\" id=\"gallery-179\" style=\"\"><div class='block'><a title=\"\" href=\"https:\/\/www.omongateau.fr\/wp-content\/uploads\/2017\/07\/IMG_5779-2000x1333.jpg\" class=\"lightbox image-item\" rel=\"gallery-179\"><img src=\"https:\/\/www.omongateau.fr\/wp-content\/uploads\/2017\/07\/IMG_5779.jpg\" alt=\"IMG_5779\"><\/a><\/div><div class='block'><a title=\"\" href=\"https:\/\/www.omongateau.fr\/wp-content\/uploads\/2017\/07\/IMG_5783-2000x1333.jpg\" class=\"lightbox image-item\" rel=\"gallery-179\"><img src=\"https:\/\/www.omongateau.fr\/wp-content\/uploads\/2017\/07\/IMG_5783.jpg\" alt=\"IMG_5783\"><\/a><\/div><\/div>\n","protected":false},"excerpt":{"rendered":"<p>Quel bonheur de vous retrouver ! Pour des raisons professionnelles j&rsquo;ai du m&rsquo;absenter. Je n&rsquo;ai donc pas pu p\u00e2tisser pendant plus d&rsquo;un mois&#8230; A peine rentr\u00e9, je me suis jet\u00e9 sur mon plan de travail pour me rouler dans la farine ! J&rsquo;ai profit\u00e9\u00a0du dernier num\u00e9ro de \u00ab\u00a0Fou de P\u00e2tisserie\u00a0\u00bb pour r\u00e9aliser la tarte \u00e0&#8230;<\/p>\n<p><a rel=\"bookmark\" class=\"more-link more-link wolf-button\" href=\"https:\/\/www.omongateau.fr\/index.php\/2017\/07\/04\/tarte-a-la-framboise\/\">Lire la suite &rarr;<\/a><\/p>\n","protected":false},"author":1,"featured_media":961,"comment_status":"open","ping_status":"open","sticky":false,"template":"","format":"standard","meta":{"_mi_skip_tracking":false},"categories":[206],"tags":[7,26,28,31,56],"yoast_head":"<!-- This site is optimized with the Yoast SEO plugin v15.5 - https:\/\/yoast.com\/wordpress\/plugins\/seo\/ -->\n<title>Tarte \u00e0 la framboise - \u00d4 mon G\u00e2teau<\/title>\n<meta name=\"robots\" content=\"index, follow, max-snippet:-1, max-image-preview:large, max-video-preview:-1\" \/>\n<link rel=\"canonical\" href=\"https:\/\/www.omongateau.fr\/index.php\/2017\/07\/04\/tarte-a-la-framboise\/\" \/>\n<meta property=\"og:locale\" content=\"fr_FR\" \/>\n<meta property=\"og:type\" content=\"article\" \/>\n<meta property=\"og:title\" content=\"Tarte \u00e0 la framboise - \u00d4 mon G\u00e2teau\" \/>\n<meta property=\"og:description\" content=\"Quel bonheur de vous retrouver ! Pour des raisons professionnelles j&rsquo;ai du m&rsquo;absenter. Je n&rsquo;ai donc pas pu p\u00e2tisser pendant plus d&rsquo;un mois&#8230; A peine rentr\u00e9, je me suis jet\u00e9 sur mon plan de travail pour me rouler dans la farine ! J&rsquo;ai profit\u00e9\u00a0du dernier num\u00e9ro de \u00ab\u00a0Fou de P\u00e2tisserie\u00a0\u00bb pour r\u00e9aliser la tarte \u00e0...Lire la suite &rarr;\" \/>\n<meta property=\"og:url\" content=\"https:\/\/www.omongateau.fr\/index.php\/2017\/07\/04\/tarte-a-la-framboise\/\" \/>\n<meta property=\"og:site_name\" content=\"\u00d4 mon G\u00e2teau\" \/>\n<meta property=\"article:published_time\" content=\"2017-07-04T19:44:23+00:00\" \/>\n<meta property=\"article:modified_time\" content=\"2022-08-29T12:43:09+00:00\" \/>\n<meta property=\"og:image\" content=\"https:\/\/www.omongateau.fr\/wp-content\/uploads\/2017\/07\/IMG_5778-1024x683.jpg\" \/>\n\t<meta property=\"og:image:width\" content=\"1024\" \/>\n\t<meta property=\"og:image:height\" content=\"683\" \/>\n<meta name=\"twitter:card\" content=\"summary_large_image\" \/>\n<meta name=\"twitter:label1\" content=\"Dur\u00e9e de lecture est.\">\n\t<meta name=\"twitter:data1\" content=\"1 minute\">\n<script type=\"application\/ld+json\" class=\"yoast-schema-graph\">{\"@context\":\"https:\/\/schema.org\",\"@graph\":[{\"@type\":\"WebSite\",\"@id\":\"https:\/\/www.omongateau.fr\/#website\",\"url\":\"https:\/\/www.omongateau.fr\/\",\"name\":\"\\u00d4 mon G\\u00e2teau\",\"description\":\"P\\u00e2tisseries fa\\u00eetes avec passion\",\"publisher\":{\"@id\":\"https:\/\/www.omongateau.fr\/#\/schema\/person\/f4bcddbd180028225e24bc6f070a2a3c\"},\"potentialAction\":[{\"@type\":\"SearchAction\",\"target\":\"https:\/\/www.omongateau.fr\/?s={search_term_string}\",\"query-input\":\"required name=search_term_string\"}],\"inLanguage\":\"fr-FR\"},{\"@type\":\"ImageObject\",\"@id\":\"https:\/\/www.omongateau.fr\/index.php\/2017\/07\/04\/tarte-a-la-framboise\/#primaryimage\",\"inLanguage\":\"fr-FR\",\"url\":\"https:\/\/www.omongateau.fr\/wp-content\/uploads\/2017\/07\/IMG_5778.jpg\",\"width\":4272,\"height\":2848},{\"@type\":\"WebPage\",\"@id\":\"https:\/\/www.omongateau.fr\/index.php\/2017\/07\/04\/tarte-a-la-framboise\/#webpage\",\"url\":\"https:\/\/www.omongateau.fr\/index.php\/2017\/07\/04\/tarte-a-la-framboise\/\",\"name\":\"Tarte \\u00e0 la framboise - \\u00d4 mon G\\u00e2teau\",\"isPartOf\":{\"@id\":\"https:\/\/www.omongateau.fr\/#website\"},\"primaryImageOfPage\":{\"@id\":\"https:\/\/www.omongateau.fr\/index.php\/2017\/07\/04\/tarte-a-la-framboise\/#primaryimage\"},\"datePublished\":\"2017-07-04T19:44:23+00:00\",\"dateModified\":\"2022-08-29T12:43:09+00:00\",\"inLanguage\":\"fr-FR\",\"potentialAction\":[{\"@type\":\"ReadAction\",\"target\":[\"https:\/\/www.omongateau.fr\/index.php\/2017\/07\/04\/tarte-a-la-framboise\/\"]}]},{\"@type\":\"Article\",\"@id\":\"https:\/\/www.omongateau.fr\/index.php\/2017\/07\/04\/tarte-a-la-framboise\/#article\",\"isPartOf\":{\"@id\":\"https:\/\/www.omongateau.fr\/index.php\/2017\/07\/04\/tarte-a-la-framboise\/#webpage\"},\"author\":{\"@id\":\"https:\/\/www.omongateau.fr\/#\/schema\/person\/f4bcddbd180028225e24bc6f070a2a3c\"},\"headline\":\"Tarte \\u00e0 la framboise\",\"datePublished\":\"2017-07-04T19:44:23+00:00\",\"dateModified\":\"2022-08-29T12:43:09+00:00\",\"mainEntityOfPage\":{\"@id\":\"https:\/\/www.omongateau.fr\/index.php\/2017\/07\/04\/tarte-a-la-framboise\/#webpage\"},\"commentCount\":2,\"publisher\":{\"@id\":\"https:\/\/www.omongateau.fr\/#\/schema\/person\/f4bcddbd180028225e24bc6f070a2a3c\"},\"image\":{\"@id\":\"https:\/\/www.omongateau.fr\/index.php\/2017\/07\/04\/tarte-a-la-framboise\/#primaryimage\"},\"keywords\":\"Beno\\u00eet Couvrand,Cyril Lignac,Enfants,framboise,tarte\",\"articleSection\":\"Tartes et tartelettes\",\"inLanguage\":\"fr-FR\",\"potentialAction\":[{\"@type\":\"CommentAction\",\"name\":\"Comment\",\"target\":[\"https:\/\/www.omongateau.fr\/index.php\/2017\/07\/04\/tarte-a-la-framboise\/#respond\"]}]},{\"@type\":[\"Person\",\"Organization\"],\"@id\":\"https:\/\/www.omongateau.fr\/#\/schema\/person\/f4bcddbd180028225e24bc6f070a2a3c\",\"name\":\"Cl\\u00e9ment Lhoumeau\",\"image\":{\"@type\":\"ImageObject\",\"@id\":\"https:\/\/www.omongateau.fr\/#personlogo\",\"inLanguage\":\"fr-FR\",\"url\":\"https:\/\/www.omongateau.fr\/wp-content\/uploads\/2018\/04\/Cl\\u00e9ment-Co0995-HD2.jpg\",\"width\":2000,\"height\":1600,\"caption\":\"Cl\\u00e9ment Lhoumeau\"},\"logo\":{\"@id\":\"https:\/\/www.omongateau.fr\/#personlogo\"}}]}<\/script>\n<!-- \/ Yoast SEO plugin. -->","_links":{"self":[{"href":"https:\/\/www.omongateau.fr\/index.php\/wp-json\/wp\/v2\/posts\/635"}],"collection":[{"href":"https:\/\/www.omongateau.fr\/index.php\/wp-json\/wp\/v2\/posts"}],"about":[{"href":"https:\/\/www.omongateau.fr\/index.php\/wp-json\/wp\/v2\/types\/post"}],"author":[{"embeddable":true,"href":"https:\/\/www.omongateau.fr\/index.php\/wp-json\/wp\/v2\/users\/1"}],"replies":[{"embeddable":true,"href":"https:\/\/www.omongateau.fr\/index.php\/wp-json\/wp\/v2\/comments?post=635"}],"version-history":[{"count":2,"href":"https:\/\/www.omongateau.fr\/index.php\/wp-json\/wp\/v2\/posts\/635\/revisions"}],"predecessor-version":[{"id":962,"href":"https:\/\/www.omongateau.fr\/index.php\/wp-json\/wp\/v2\/posts\/635\/revisions\/962"}],"wp:featuredmedia":[{"embeddable":true,"href":"https:\/\/www.omongateau.fr\/index.php\/wp-json\/wp\/v2\/media\/961"}],"wp:attachment":[{"href":"https:\/\/www.omongateau.fr\/index.php\/wp-json\/wp\/v2\/media?parent=635"}],"wp:term":[{"taxonomy":"category","embeddable":true,"href":"https:\/\/www.omongateau.fr\/index.php\/wp-json\/wp\/v2\/categories?post=635"},{"taxonomy":"post_tag","embeddable":true,"href":"https:\/\/www.omongateau.fr\/index.php\/wp-json\/wp\/v2\/tags?post=635"}],"curies":[{"name":"wp","href":"https:\/\/api.w.org\/{rel}","templated":true}]}}