{"id":613,"date":"2017-09-16T22:16:51","date_gmt":"2017-09-16T20:16:51","guid":{"rendered":"http:\/\/omongategj.cluster026.hosting.ovh.net\/omg\/?p=613"},"modified":"2022-08-29T14:42:09","modified_gmt":"2022-08-29T12:42:09","slug":"la-poire-gourmande","status":"publish","type":"post","link":"https:\/\/www.omongateau.fr\/index.php\/2017\/09\/16\/la-poire-gourmande\/","title":{"rendered":"La Poire gourmande"},"content":{"rendered":"<p class=\"font_8\">Bonjour \u00e0 tous !<\/p>\n<p class=\"font_8\">\u00c7a y est, je suis capable de cr\u00e9er ! A force de reproduire les r\u00e9alisations des autres, on commence \u00e0 comprendre comment est constitu\u00e9e une bonne p\u00e2tisserie. Les accords des saveurs, les textures, les biscuits sont autant d&rsquo;\u00e9l\u00e9ments \u00e0 apprivoiser. Aujourd&rsquo;hui je suis rest\u00e9 sur une association bien connue : la poire et le caramel. C&rsquo;est simple, mais \u00e7a marche. Il faut faire simple au d\u00e9but. J&rsquo;ai cr\u00e9\u00e9 ce petit g\u00e2teau en ayant en t\u00eate la simplicit\u00e9, la gourmandise et un visuel aboutit. J&rsquo;adore la p\u00e2tisserie \u00ab\u00a0haute-couture\u00a0\u00bb. Tr\u00e8s influenc\u00e9 par des p\u00e2tissiers comme Johan Martin, ou Amaury Guichon entre autres, je suis arriv\u00e9 \u00e0 un visuel que je trouve \u00e0 la fois gourmand et \u00e9l\u00e9gant.<\/p>\n<p class=\"font_8\">Je suis tr\u00e8s\u00a0fier de cette premi\u00e8re\u00a0cr\u00e9ation de petits g\u00e2teaux qui\u00a0a \u00e9t\u00e9 rep\u00e9r\u00e9e par Chef Philippe du site\u00a0<a href=\"http:\/\/www.meilleurduchef.com\/\" target=\"_blank\" rel=\"nofollow noopener\" data-content=\"http:\/\/www.meilleurduchef.com\" data-type=\"external\">MeilleurduChef<\/a>\u00a0. Ils ont appr\u00e9ci\u00e9 mon travail et c&rsquo;est avec enthousiasme que j&rsquo;ai r\u00e9alis\u00e9 un \u00ab\u00a0pas \u00e0 pas\u00a0\u00bb tr\u00e8s complet que vous trouverez en exclusivit\u00e9 sur leur site. Vous conna\u00eetrez donc tous les secrets de fabrication de cette Poire Gourmande et j&rsquo;esp\u00e8re avoir le plaisir de voir les photos de vos reproductions.<\/p>\n<p class=\"font_8\">Cette collaboration avec Meilleur du Chef est le d\u00e9but d&rsquo;une belle aventure !<\/p>\n<p><img loading=\"lazy\" class=\"aligncenter size-full wp-image-615\" src=\"http:\/\/omongategj.cluster026.hosting.ovh.net\/omg\/wp-content\/uploads\/2018\/03\/IMG_6136.jpg\" alt=\"\" width=\"1024\" height=\"683\" \/><\/p>\n<p class=\"font_8\"><strong>Poire Gourmande\u00a0<\/strong><\/p>\n<p class=\"font_8\">\u00a0&#8211; P\u00e2te sucr\u00e9e vanille<br \/>\n&#8211; Mousse de poire<br \/>\n&#8211; Insert gel\u00e9e de poire<br \/>\n&#8211; Insert coulant caramel beurre sal\u00e9<br \/>\n&#8211; Gla\u00e7age lact\u00e9<br \/>\n&#8211; Chantilly mascarpone caramel.<\/p>\n<p class=\"font_8\">A tr\u00e8s vite !<\/p>\n","protected":false},"excerpt":{"rendered":"<p>Bonjour \u00e0 tous ! \u00c7a y est, je suis capable de cr\u00e9er ! A force de reproduire les r\u00e9alisations des autres, on commence \u00e0 comprendre comment est constitu\u00e9e une bonne p\u00e2tisserie. Les accords des saveurs, les textures, les biscuits sont autant d&rsquo;\u00e9l\u00e9ments \u00e0 apprivoiser. Aujourd&rsquo;hui je suis rest\u00e9 sur une association bien connue : la&#8230;<\/p>\n<p><a rel=\"bookmark\" class=\"more-link more-link wolf-button\" href=\"https:\/\/www.omongateau.fr\/index.php\/2017\/09\/16\/la-poire-gourmande\/\">Lire la suite &rarr;<\/a><\/p>\n","protected":false},"author":1,"featured_media":925,"comment_status":"open","ping_status":"open","sticky":false,"template":"","format":"standard","meta":{"_mi_skip_tracking":false},"categories":[207],"tags":[14,19,29,47,50],"yoast_head":"<!-- This site is optimized with the Yoast SEO plugin v15.5 - https:\/\/yoast.com\/wordpress\/plugins\/seo\/ -->\n<title>La Poire gourmande - \u00d4 mon G\u00e2teau<\/title>\n<meta name=\"description\" content=\"Recette d&#039;un petit g\u00e2teau compos\u00e9 d&#039;une mousse de poire, d&#039;une gel\u00e9e de poire et d&#039;un coeur coulant caramel. Vous allez vous r\u00e9galer !\" \/>\n<meta name=\"robots\" content=\"index, follow, max-snippet:-1, max-image-preview:large, max-video-preview:-1\" \/>\n<link rel=\"canonical\" href=\"https:\/\/www.omongateau.fr\/index.php\/2017\/09\/16\/la-poire-gourmande\/\" \/>\n<meta property=\"og:locale\" content=\"fr_FR\" \/>\n<meta property=\"og:type\" content=\"article\" \/>\n<meta property=\"og:title\" content=\"La Poire gourmande - \u00d4 mon G\u00e2teau\" \/>\n<meta property=\"og:description\" content=\"Recette d&#039;un petit g\u00e2teau compos\u00e9 d&#039;une mousse de poire, d&#039;une gel\u00e9e de poire et d&#039;un coeur coulant caramel. Vous allez vous r\u00e9galer !\" \/>\n<meta property=\"og:url\" content=\"https:\/\/www.omongateau.fr\/index.php\/2017\/09\/16\/la-poire-gourmande\/\" \/>\n<meta property=\"og:site_name\" content=\"\u00d4 mon G\u00e2teau\" \/>\n<meta property=\"article:published_time\" content=\"2017-09-16T20:16:51+00:00\" \/>\n<meta property=\"article:modified_time\" content=\"2022-08-29T12:42:09+00:00\" \/>\n<meta property=\"og:image\" content=\"https:\/\/www.omongateau.fr\/wp-content\/uploads\/2017\/09\/IMG_6126.jpg\" \/>\n\t<meta property=\"og:image:width\" content=\"1024\" \/>\n\t<meta property=\"og:image:height\" content=\"683\" \/>\n<meta name=\"twitter:card\" content=\"summary_large_image\" \/>\n<meta name=\"twitter:label1\" content=\"Dur\u00e9e de lecture est.\">\n\t<meta name=\"twitter:data1\" content=\"1 minute\">\n<script type=\"application\/ld+json\" class=\"yoast-schema-graph\">{\"@context\":\"https:\/\/schema.org\",\"@graph\":[{\"@type\":\"WebSite\",\"@id\":\"https:\/\/www.omongateau.fr\/#website\",\"url\":\"https:\/\/www.omongateau.fr\/\",\"name\":\"\\u00d4 mon G\\u00e2teau\",\"description\":\"P\\u00e2tisseries fa\\u00eetes avec passion\",\"publisher\":{\"@id\":\"https:\/\/www.omongateau.fr\/#\/schema\/person\/f4bcddbd180028225e24bc6f070a2a3c\"},\"potentialAction\":[{\"@type\":\"SearchAction\",\"target\":\"https:\/\/www.omongateau.fr\/?s={search_term_string}\",\"query-input\":\"required name=search_term_string\"}],\"inLanguage\":\"fr-FR\"},{\"@type\":\"ImageObject\",\"@id\":\"https:\/\/www.omongateau.fr\/index.php\/2017\/09\/16\/la-poire-gourmande\/#primaryimage\",\"inLanguage\":\"fr-FR\",\"url\":\"https:\/\/www.omongateau.fr\/wp-content\/uploads\/2017\/09\/IMG_6126.jpg\",\"width\":1024,\"height\":683},{\"@type\":\"WebPage\",\"@id\":\"https:\/\/www.omongateau.fr\/index.php\/2017\/09\/16\/la-poire-gourmande\/#webpage\",\"url\":\"https:\/\/www.omongateau.fr\/index.php\/2017\/09\/16\/la-poire-gourmande\/\",\"name\":\"La Poire gourmande - \\u00d4 mon G\\u00e2teau\",\"isPartOf\":{\"@id\":\"https:\/\/www.omongateau.fr\/#website\"},\"primaryImageOfPage\":{\"@id\":\"https:\/\/www.omongateau.fr\/index.php\/2017\/09\/16\/la-poire-gourmande\/#primaryimage\"},\"datePublished\":\"2017-09-16T20:16:51+00:00\",\"dateModified\":\"2022-08-29T12:42:09+00:00\",\"description\":\"Recette d'un petit g\\u00e2teau compos\\u00e9 d'une mousse de poire, d'une gel\\u00e9e de poire et d'un coeur coulant caramel. Vous allez vous r\\u00e9galer !\",\"inLanguage\":\"fr-FR\",\"potentialAction\":[{\"@type\":\"ReadAction\",\"target\":[\"https:\/\/www.omongateau.fr\/index.php\/2017\/09\/16\/la-poire-gourmande\/\"]}]},{\"@type\":\"Article\",\"@id\":\"https:\/\/www.omongateau.fr\/index.php\/2017\/09\/16\/la-poire-gourmande\/#article\",\"isPartOf\":{\"@id\":\"https:\/\/www.omongateau.fr\/index.php\/2017\/09\/16\/la-poire-gourmande\/#webpage\"},\"author\":{\"@id\":\"https:\/\/www.omongateau.fr\/#\/schema\/person\/f4bcddbd180028225e24bc6f070a2a3c\"},\"headline\":\"La Poire gourmande\",\"datePublished\":\"2017-09-16T20:16:51+00:00\",\"dateModified\":\"2022-08-29T12:42:09+00:00\",\"mainEntityOfPage\":{\"@id\":\"https:\/\/www.omongateau.fr\/index.php\/2017\/09\/16\/la-poire-gourmande\/#webpage\"},\"commentCount\":2,\"publisher\":{\"@id\":\"https:\/\/www.omongateau.fr\/#\/schema\/person\/f4bcddbd180028225e24bc6f070a2a3c\"},\"image\":{\"@id\":\"https:\/\/www.omongateau.fr\/index.php\/2017\/09\/16\/la-poire-gourmande\/#primaryimage\"},\"keywords\":\"caramel,chocolat,entremets,petit gateau,poire\",\"articleSection\":\"G\\u00e2teaux et entremets\",\"inLanguage\":\"fr-FR\",\"potentialAction\":[{\"@type\":\"CommentAction\",\"name\":\"Comment\",\"target\":[\"https:\/\/www.omongateau.fr\/index.php\/2017\/09\/16\/la-poire-gourmande\/#respond\"]}]},{\"@type\":[\"Person\",\"Organization\"],\"@id\":\"https:\/\/www.omongateau.fr\/#\/schema\/person\/f4bcddbd180028225e24bc6f070a2a3c\",\"name\":\"Cl\\u00e9ment Lhoumeau\",\"image\":{\"@type\":\"ImageObject\",\"@id\":\"https:\/\/www.omongateau.fr\/#personlogo\",\"inLanguage\":\"fr-FR\",\"url\":\"https:\/\/www.omongateau.fr\/wp-content\/uploads\/2018\/04\/Cl\\u00e9ment-Co0995-HD2.jpg\",\"width\":2000,\"height\":1600,\"caption\":\"Cl\\u00e9ment Lhoumeau\"},\"logo\":{\"@id\":\"https:\/\/www.omongateau.fr\/#personlogo\"}}]}<\/script>\n<!-- \/ Yoast SEO plugin. -->","_links":{"self":[{"href":"https:\/\/www.omongateau.fr\/index.php\/wp-json\/wp\/v2\/posts\/613"}],"collection":[{"href":"https:\/\/www.omongateau.fr\/index.php\/wp-json\/wp\/v2\/posts"}],"about":[{"href":"https:\/\/www.omongateau.fr\/index.php\/wp-json\/wp\/v2\/types\/post"}],"author":[{"embeddable":true,"href":"https:\/\/www.omongateau.fr\/index.php\/wp-json\/wp\/v2\/users\/1"}],"replies":[{"embeddable":true,"href":"https:\/\/www.omongateau.fr\/index.php\/wp-json\/wp\/v2\/comments?post=613"}],"version-history":[{"count":1,"href":"https:\/\/www.omongateau.fr\/index.php\/wp-json\/wp\/v2\/posts\/613\/revisions"}],"predecessor-version":[{"id":926,"href":"https:\/\/www.omongateau.fr\/index.php\/wp-json\/wp\/v2\/posts\/613\/revisions\/926"}],"wp:featuredmedia":[{"embeddable":true,"href":"https:\/\/www.omongateau.fr\/index.php\/wp-json\/wp\/v2\/media\/925"}],"wp:attachment":[{"href":"https:\/\/www.omongateau.fr\/index.php\/wp-json\/wp\/v2\/media?parent=613"}],"wp:term":[{"taxonomy":"category","embeddable":true,"href":"https:\/\/www.omongateau.fr\/index.php\/wp-json\/wp\/v2\/categories?post=613"},{"taxonomy":"post_tag","embeddable":true,"href":"https:\/\/www.omongateau.fr\/index.php\/wp-json\/wp\/v2\/tags?post=613"}],"curies":[{"name":"wp","href":"https:\/\/api.w.org\/{rel}","templated":true}]}}