{"id":1439,"date":"2018-09-09T19:11:58","date_gmt":"2018-09-09T17:11:58","guid":{"rendered":"http:\/\/www.omongateau.fr\/?p=1439"},"modified":"2022-08-29T14:35:04","modified_gmt":"2022-08-29T12:35:04","slug":"tarte-aux-mirabelles","status":"publish","type":"post","link":"https:\/\/www.omongateau.fr\/index.php\/2018\/09\/09\/tarte-aux-mirabelles\/","title":{"rendered":"Tarte aux mirabelles"},"content":{"rendered":"<p>Ce matin, je suis all\u00e9 au march\u00e9 de Bassens et je suis pass\u00e9 devant un marchand de fruits et l\u00e9gumes. Mes yeux se sont directement pos\u00e9s sur une caisse remplie de mirabelles ! Leur superbe couleur et tr\u00e8s bonne odeur m&rsquo;ont tout de suite fait oublier le prix largement excessif&#8230; J&rsquo;ai imm\u00e9diatement eu envie de faire une tarte sur la m\u00eame base que celle que je vous ai pr\u00e9sent\u00e9e dans mon article pr\u00e9c\u00e9dent. Vous comprendrez donc que cette recette peut \u00eatre r\u00e9alis\u00e9e avec de nombreux fruits&#8230;<\/p>\n<p>Les amis : recette !<\/p>\n<ul>\n<li><b>Materiel utilis\u00e9<br \/>\n<\/b>Pour cette r\u00e9alisation, j\u2019ai utilis\u00e9 plusieurs mat\u00e9riels que vous trouverez sur la boutique de mon partenaire <a href=\"https:\/\/www.panierdeschefs.eu\/\" target=\"_blank\" rel=\"noopener\">Panier des Chefs.<\/a>\u00a0(N\u2019oubliez-pas que je vous fais b\u00e9n\u00e9ficier d\u2019une remise de 10% sur cette boutique avec le code <strong>CLEMENT-10<\/strong>\u00a0)<br \/>\n<span style=\"font-size: 12pt;\">&#8211; <a href=\"https:\/\/www.panierdeschefs.eu\/cercles-a-tarte-crostate\/4135-micro-ronds-perfores-des-bandes-d-acier-inoxydable.html\" target=\"_blank\" rel=\"noopener\">Cercle acier inoxydable micro perfor\u00e9s Pavoni 19cm &#8211; Crostate<\/a><\/span><span style=\"font-size: 12pt;\"><br \/>\n&#8211;\u00a0<a href=\"https:\/\/www.panierdeschefs.eu\/cercles-a-tarte-crostate\/3740-tapis-en-silicone-micro-perfore-crostate.html\" target=\"_blank\" rel=\"noopener\">Tapis en siliconne micro perfor\u00e9 Pavoni &#8211; Crostate<\/a>\u00a0<\/span><\/li>\n<\/ul>\n<p><em><strong><span style=\"font-size: 10pt;\">(pour une tarte de 19 cm de diam\u00e8tre soit 8 parts)<br \/>\n<\/span><\/strong><\/em><\/p>\n<ul>\n<li><b>P\u00e2te sucr\u00e9e vanill\u00e9e<br \/>\n<\/b><span style=\"font-size: 10pt;\"><em><strong>(Vous pourrez faire 2 fonds de tartes avec ces quantit\u00e9s)<\/strong><\/em><\/span><br \/>\n&#8211; 150g de beurre<br \/>\n&#8211; 90g de sucre glace<br \/>\n&#8211; 2g de fleur de sel<br \/>\n&#8211; 2g de poudre de vanille<br \/>\n&#8211; 30g de poudre d&rsquo;amande<br \/>\n&#8211; 250g de farine T55<br \/>\n&#8211; 50g d&rsquo;oeuf (soit 1oeuf)<\/li>\n<\/ul>\n<p>Mettre le beurre en petit morceaux,\u00a0 le sucre glace, la fleur de sel et la poudre de vanille dans la cuve du batteur muni de la feuille. Battre jusqu&rsquo;\u00e0 l&rsquo;obtention d&rsquo; une texture cr\u00e9meuse homog\u00e8ne. Ralentir le robot et ajouter l\u2019\u0153uf, puis la poudre d&rsquo;amande. Terminer par la farine tamis\u00e9e et stopper le robot d\u00e8s que la p\u00e2te est homog\u00e8ne. Fraser la p\u00e2te sur le plan de travail.\u00a0La rassembler pour former une boule aplatie. Filmer au contact. Laisser reposer minimum 1h au frais. Pr\u00e9chauffer le four \u00e0 160\u00b0C.\u00a0 Abaisser la p\u00e2te sur 3mm d&rsquo;\u00e9paisseur et foncer un cercle de 20cm. Remettre au frais pendant 15 minimum. Je recommande fortement l&rsquo;utilisation d&rsquo;un tapis Silpain et un cercle \u00e0 tarte perfor\u00e9. Cela \u00e9vite de piquer la p\u00e2te et de graisser le cercle. Cuire au four pendant 15 minutes. Sortir et laisser refroidir sur une grille.<br \/>\n<em>Astuce : Pour avoir une abaisse parfaitement r\u00e9guli\u00e8re j&rsquo;utilise 2 r\u00e8gles de 3mm d&rsquo;\u00e9paisseur<\/em><\/p>\n<div class=\" gallery wolf-images-gallery clearfix simple-gallery hover-default padding gallery-3-columns\" id=\"gallery-477\" style=\"\"><div class='block'><a title=\"\" href=\"https:\/\/www.omongateau.fr\/wp-content\/uploads\/2018\/04\/Tarte_aux_fraises-020-2000x1125.jpg\" class=\"lightbox image-item\" rel=\"gallery-477\"><img src=\"https:\/\/www.omongateau.fr\/wp-content\/uploads\/2018\/04\/Tarte_aux_fraises-020-960x480.jpg\" alt=\"Tarte_aux_fraises-020\"><\/a><\/div><div class='block'><a title=\"\" href=\"https:\/\/www.omongateau.fr\/wp-content\/uploads\/2018\/04\/Tarte_aux_fraises-040-2000x1125.jpg\" class=\"lightbox image-item\" rel=\"gallery-477\"><img src=\"https:\/\/www.omongateau.fr\/wp-content\/uploads\/2018\/04\/Tarte_aux_fraises-040-960x480.jpg\" alt=\"Tarte_aux_fraises-040\"><\/a><\/div><div class='block'><a title=\"\" href=\"https:\/\/www.omongateau.fr\/wp-content\/uploads\/2018\/04\/Tarte_aux_fraises-030-2000x1125.jpg\" class=\"lightbox image-item\" rel=\"gallery-477\"><img src=\"https:\/\/www.omongateau.fr\/wp-content\/uploads\/2018\/04\/Tarte_aux_fraises-030-960x480.jpg\" alt=\"Tarte_aux_fraises-030\"><\/a><\/div><\/div>\n<ul>\n<li><b>Dorure<\/b><br \/>\n&#8211; 20g de jaune d&rsquo;oeuf<br \/>\n&#8211; 5g de creme<\/li>\n<\/ul>\n<p>M\u00e9langer le jaune et la cr\u00e8me et \u00e0 l&rsquo;aide d&rsquo;un pinceau, appliquer sur le fond de tarte pr\u00e9cuit \u00e0 blanc. Remettre 5 minutes au four \u00e0 160\u00b0C<\/p>\n<ul>\n<li><b>Cr\u00e8me d&rsquo;amande mirabelles<\/b><br \/>\n&#8211; 75g de beurre<br \/>\n&#8211; 75g de poudre d&rsquo;amande<br \/>\n&#8211; 75g de sucre en poudre<br \/>\n&#8211; 75g d\u2019\u0153uf<br \/>\n&#8211; 5 mirabelles<\/li>\n<\/ul>\n<p>Dans un cul de poule, m\u00e9langer le beurre la poudre d&rsquo;amande et le sucre de fa\u00e7on homog\u00e8ne. Ajouter l\u2019\u0153uf battu en 3 fois et m\u00e9langer \u00e0 la spatule en incorporant le moins d&rsquo;air possible afin que cela ne gonfle pas trop \u00e0 la cuisson. R\u00e9server dans une poche sans douille. Mettre une petite \u00e9paisseur dans le fond de tarte cuit \u00e0 blanc et dor\u00e9. Mettre des petits morceaux de mirabelles et enfourner pour 12 minutes \u00e0 160\u00b0C. Sortir et laisser refroidir sur une grille.<\/p>\n<ul>\n<li><b>Compot\u00e9e de mirabelle\u00a0<\/b><br \/>\n&#8211; 250g de mirabelles<br \/>\n&#8211; 10g de sucre (1)<br \/>\n&#8211; 10g de jus de citron<br \/>\n&#8211; 1g d&rsquo;acide ascorbique<br \/>\n&#8211; 5g de sucre (2)<br \/>\n&#8211; 2g de pectine NH<\/li>\n<\/ul>\n<p>Dans une casserole, mettre les mirabelles coup\u00e9es en 4 avec le jus de citron, le sucre (1) et l&rsquo;acide ascorbique. Faire compoter \u00e0 feu doux pendant environ 10 minutes. Laisser refroidir un petit peu et ajouter le m\u00e9lange sucre (2)\/pectine NH et porter \u00e0 \u00e9bullition pendant 1 minutes. \u00c9taler sur une plaque recouverte de film alimentaire pour refroidir.<\/p>\n<ul>\n<li><b>Montage<\/b><br \/>\n&#8211; fond de tarte, cr\u00e8me d&rsquo;amande mirabelle<br \/>\n&#8211; compot\u00e9e de mirabelle<br \/>\n&#8211; 300g de mirabelles<br \/>\n&#8211; feuilles de verveine<\/li>\n<\/ul>\n<p>Quand le fond de tarte, cr\u00e8me d&rsquo;amande mirabelle et bien refroidit, \u00e9taler la compt\u00e9e de mirabelle froide. Lisser \u00e0 ras avec une spatule coud\u00e9e. Couper les mirabelles en deux et \u00f4ter les noyaux, s&rsquo;armer de patience, et les disposer de mani\u00e8re harmonieuse. Pour une touche de couleur, vous pouvez ajouter quelques feuilles de verveine citronn\u00e9e&#8230;<\/p>\n<p>Bonne d\u00e9gustation !<\/p>\n<div class=\" gallery wolf-images-gallery clearfix simple-gallery hover-default padding gallery-4-columns\" id=\"gallery-960\" style=\"\"><div class='block'><a title=\"\" href=\"https:\/\/www.omongateau.fr\/wp-content\/uploads\/2018\/09\/tarte_mirabelles-02.jpg\" class=\"lightbox image-item\" rel=\"gallery-960\"><img src=\"https:\/\/www.omongateau.fr\/wp-content\/uploads\/2018\/09\/tarte_mirabelles-02-960x480.jpg\" alt=\"tarte_mirabelles-02\"><\/a><\/div><div class='block'><a title=\"\" href=\"https:\/\/www.omongateau.fr\/wp-content\/uploads\/2018\/09\/tarte_mirabelles-03.jpg\" class=\"lightbox image-item\" rel=\"gallery-960\"><img src=\"https:\/\/www.omongateau.fr\/wp-content\/uploads\/2018\/09\/tarte_mirabelles-03-960x480.jpg\" alt=\"tarte_mirabelles-03\"><\/a><\/div><div class='block'><a title=\"\" href=\"https:\/\/www.omongateau.fr\/wp-content\/uploads\/2018\/09\/tarte_mirabelles-01.jpg\" class=\"lightbox image-item\" rel=\"gallery-960\"><img src=\"https:\/\/www.omongateau.fr\/wp-content\/uploads\/2018\/09\/tarte_mirabelles-01-960x480.jpg\" alt=\"tarte_mirabelles-01\"><\/a><\/div><div class='block'><a title=\"\" href=\"https:\/\/www.omongateau.fr\/wp-content\/uploads\/2018\/09\/tarte_mirabelles-04.jpg\" class=\"lightbox image-item\" rel=\"gallery-960\"><img src=\"https:\/\/www.omongateau.fr\/wp-content\/uploads\/2018\/09\/tarte_mirabelles-04-960x480.jpg\" alt=\"tarte_mirabelles-04\"><\/a><\/div><\/div>\n","protected":false},"excerpt":{"rendered":"<p>Ce matin, je suis all\u00e9 au march\u00e9 de Bassens et je suis pass\u00e9 devant un marchand de fruits et l\u00e9gumes. Mes yeux se sont directement pos\u00e9s sur une caisse remplie de mirabelles ! Leur superbe couleur et tr\u00e8s bonne odeur m&rsquo;ont tout de suite fait oublier le prix largement excessif&#8230; J&rsquo;ai imm\u00e9diatement eu envie de&#8230;<\/p>\n<p><a rel=\"bookmark\" class=\"more-link more-link wolf-button\" href=\"https:\/\/www.omongateau.fr\/index.php\/2018\/09\/09\/tarte-aux-mirabelles\/\">Lire la suite &rarr;<\/a><\/p>\n","protected":false},"author":1,"featured_media":1443,"comment_status":"open","ping_status":"open","sticky":false,"template":"","format":"standard","meta":{"_mi_skip_tracking":false},"categories":[206],"tags":[98,100,101,56],"yoast_head":"<!-- This site is optimized with the Yoast SEO plugin v15.5 - https:\/\/yoast.com\/wordpress\/plugins\/seo\/ -->\n<title>Tarte aux mirabelles - \u00d4 mon G\u00e2teau - Cl\u00e9ment Lhoumeau<\/title>\n<meta name=\"description\" content=\"R\u00e9aliser cette recette ultra simple de la tarte aux mirabelles. P\u00e2te sucr\u00e9e vanille, cr\u00e8me d&#039;amande et comp\u00f4t\u00e9e de mirabelles et mirabelles fraiches.\" \/>\n<meta name=\"robots\" content=\"index, follow, max-snippet:-1, max-image-preview:large, max-video-preview:-1\" \/>\n<link rel=\"canonical\" href=\"https:\/\/www.omongateau.fr\/index.php\/2018\/09\/09\/tarte-aux-mirabelles\/\" \/>\n<meta property=\"og:locale\" content=\"fr_FR\" \/>\n<meta property=\"og:type\" content=\"article\" \/>\n<meta property=\"og:title\" content=\"Tarte aux mirabelles - \u00d4 mon G\u00e2teau - Cl\u00e9ment Lhoumeau\" \/>\n<meta property=\"og:description\" content=\"R\u00e9aliser cette recette ultra simple de la tarte aux mirabelles. P\u00e2te sucr\u00e9e vanille, cr\u00e8me d&#039;amande et comp\u00f4t\u00e9e de mirabelles et mirabelles fraiches.\" \/>\n<meta property=\"og:url\" content=\"https:\/\/www.omongateau.fr\/index.php\/2018\/09\/09\/tarte-aux-mirabelles\/\" \/>\n<meta property=\"og:site_name\" content=\"\u00d4 mon G\u00e2teau\" \/>\n<meta property=\"article:published_time\" content=\"2018-09-09T17:11:58+00:00\" \/>\n<meta property=\"article:modified_time\" content=\"2022-08-29T12:35:04+00:00\" \/>\n<meta property=\"og:image\" content=\"https:\/\/www.omongateau.fr\/wp-content\/uploads\/2018\/09\/tarte_mirabelles-04.jpg\" \/>\n\t<meta property=\"og:image:width\" content=\"1024\" \/>\n\t<meta property=\"og:image:height\" content=\"683\" \/>\n<meta name=\"twitter:card\" content=\"summary_large_image\" \/>\n<meta name=\"twitter:label1\" content=\"Dur\u00e9e de lecture est.\">\n\t<meta name=\"twitter:data1\" content=\"3 minutes\">\n<script type=\"application\/ld+json\" class=\"yoast-schema-graph\">{\"@context\":\"https:\/\/schema.org\",\"@graph\":[{\"@type\":\"WebSite\",\"@id\":\"https:\/\/www.omongateau.fr\/#website\",\"url\":\"https:\/\/www.omongateau.fr\/\",\"name\":\"\\u00d4 mon G\\u00e2teau\",\"description\":\"P\\u00e2tisseries fa\\u00eetes avec passion\",\"publisher\":{\"@id\":\"https:\/\/www.omongateau.fr\/#\/schema\/person\/f4bcddbd180028225e24bc6f070a2a3c\"},\"potentialAction\":[{\"@type\":\"SearchAction\",\"target\":\"https:\/\/www.omongateau.fr\/?s={search_term_string}\",\"query-input\":\"required name=search_term_string\"}],\"inLanguage\":\"fr-FR\"},{\"@type\":\"ImageObject\",\"@id\":\"https:\/\/www.omongateau.fr\/index.php\/2018\/09\/09\/tarte-aux-mirabelles\/#primaryimage\",\"inLanguage\":\"fr-FR\",\"url\":\"https:\/\/www.omongateau.fr\/wp-content\/uploads\/2018\/09\/tarte_mirabelles-04.jpg\",\"width\":1024,\"height\":683},{\"@type\":\"WebPage\",\"@id\":\"https:\/\/www.omongateau.fr\/index.php\/2018\/09\/09\/tarte-aux-mirabelles\/#webpage\",\"url\":\"https:\/\/www.omongateau.fr\/index.php\/2018\/09\/09\/tarte-aux-mirabelles\/\",\"name\":\"Tarte aux mirabelles - \\u00d4 mon G\\u00e2teau - Cl\\u00e9ment Lhoumeau\",\"isPartOf\":{\"@id\":\"https:\/\/www.omongateau.fr\/#website\"},\"primaryImageOfPage\":{\"@id\":\"https:\/\/www.omongateau.fr\/index.php\/2018\/09\/09\/tarte-aux-mirabelles\/#primaryimage\"},\"datePublished\":\"2018-09-09T17:11:58+00:00\",\"dateModified\":\"2022-08-29T12:35:04+00:00\",\"description\":\"R\\u00e9aliser cette recette ultra simple de la tarte aux mirabelles. P\\u00e2te sucr\\u00e9e vanille, cr\\u00e8me d'amande et comp\\u00f4t\\u00e9e de mirabelles et mirabelles fraiches.\",\"inLanguage\":\"fr-FR\",\"potentialAction\":[{\"@type\":\"ReadAction\",\"target\":[\"https:\/\/www.omongateau.fr\/index.php\/2018\/09\/09\/tarte-aux-mirabelles\/\"]}]},{\"@type\":\"Article\",\"@id\":\"https:\/\/www.omongateau.fr\/index.php\/2018\/09\/09\/tarte-aux-mirabelles\/#article\",\"isPartOf\":{\"@id\":\"https:\/\/www.omongateau.fr\/index.php\/2018\/09\/09\/tarte-aux-mirabelles\/#webpage\"},\"author\":{\"@id\":\"https:\/\/www.omongateau.fr\/#\/schema\/person\/f4bcddbd180028225e24bc6f070a2a3c\"},\"headline\":\"Tarte aux mirabelles\",\"datePublished\":\"2018-09-09T17:11:58+00:00\",\"dateModified\":\"2022-08-29T12:35:04+00:00\",\"mainEntityOfPage\":{\"@id\":\"https:\/\/www.omongateau.fr\/index.php\/2018\/09\/09\/tarte-aux-mirabelles\/#webpage\"},\"commentCount\":6,\"publisher\":{\"@id\":\"https:\/\/www.omongateau.fr\/#\/schema\/person\/f4bcddbd180028225e24bc6f070a2a3c\"},\"image\":{\"@id\":\"https:\/\/www.omongateau.fr\/index.php\/2018\/09\/09\/tarte-aux-mirabelles\/#primaryimage\"},\"keywords\":\"creme d'amande,mirabelle,p\\u00e2te sucr\\u00e9e,tarte\",\"articleSection\":\"Tartes et tartelettes\",\"inLanguage\":\"fr-FR\",\"potentialAction\":[{\"@type\":\"CommentAction\",\"name\":\"Comment\",\"target\":[\"https:\/\/www.omongateau.fr\/index.php\/2018\/09\/09\/tarte-aux-mirabelles\/#respond\"]}]},{\"@type\":[\"Person\",\"Organization\"],\"@id\":\"https:\/\/www.omongateau.fr\/#\/schema\/person\/f4bcddbd180028225e24bc6f070a2a3c\",\"name\":\"Cl\\u00e9ment Lhoumeau\",\"image\":{\"@type\":\"ImageObject\",\"@id\":\"https:\/\/www.omongateau.fr\/#personlogo\",\"inLanguage\":\"fr-FR\",\"url\":\"https:\/\/www.omongateau.fr\/wp-content\/uploads\/2018\/04\/Cl\\u00e9ment-Co0995-HD2.jpg\",\"width\":2000,\"height\":1600,\"caption\":\"Cl\\u00e9ment Lhoumeau\"},\"logo\":{\"@id\":\"https:\/\/www.omongateau.fr\/#personlogo\"}}]}<\/script>\n<!-- \/ Yoast SEO plugin. -->","_links":{"self":[{"href":"https:\/\/www.omongateau.fr\/index.php\/wp-json\/wp\/v2\/posts\/1439"}],"collection":[{"href":"https:\/\/www.omongateau.fr\/index.php\/wp-json\/wp\/v2\/posts"}],"about":[{"href":"https:\/\/www.omongateau.fr\/index.php\/wp-json\/wp\/v2\/types\/post"}],"author":[{"embeddable":true,"href":"https:\/\/www.omongateau.fr\/index.php\/wp-json\/wp\/v2\/users\/1"}],"replies":[{"embeddable":true,"href":"https:\/\/www.omongateau.fr\/index.php\/wp-json\/wp\/v2\/comments?post=1439"}],"version-history":[{"count":2,"href":"https:\/\/www.omongateau.fr\/index.php\/wp-json\/wp\/v2\/posts\/1439\/revisions"}],"predecessor-version":[{"id":1446,"href":"https:\/\/www.omongateau.fr\/index.php\/wp-json\/wp\/v2\/posts\/1439\/revisions\/1446"}],"wp:featuredmedia":[{"embeddable":true,"href":"https:\/\/www.omongateau.fr\/index.php\/wp-json\/wp\/v2\/media\/1443"}],"wp:attachment":[{"href":"https:\/\/www.omongateau.fr\/index.php\/wp-json\/wp\/v2\/media?parent=1439"}],"wp:term":[{"taxonomy":"category","embeddable":true,"href":"https:\/\/www.omongateau.fr\/index.php\/wp-json\/wp\/v2\/categories?post=1439"},{"taxonomy":"post_tag","embeddable":true,"href":"https:\/\/www.omongateau.fr\/index.php\/wp-json\/wp\/v2\/tags?post=1439"}],"curies":[{"name":"wp","href":"https:\/\/api.w.org\/{rel}","templated":true}]}}